{"id":20625,"date":"2023-07-16T22:56:32","date_gmt":"2023-07-16T22:56:32","guid":{"rendered":"https:\/\/creantum.com\/?p=20625"},"modified":"2023-05-03T13:12:37","modified_gmt":"2023-05-03T13:12:37","slug":"ansiedad-laboral","status":"publish","type":"post","link":"https:\/\/creantum.com\/ca\/ansiedad-laboral\/","title":{"rendered":"\u00bfC\u00f3mo reducir la ansiedad laboral?"},"content":{"rendered":"<h2 align=\"center\">El 40% de los espa\u00f1oles y espa\u00f1olas tienen ansiedad laboral.<\/h2>\n<p>La ansiedad es un trastorno emocional que se caracteriza por una sensaci\u00f3n de miedo, inquietud y preocupaci\u00f3n excesiva. Afecta a muchas personas en todo el mundo, y puede manifestarse de diferentes maneras, desde trastornos de ansiedad generalizada hasta ataques de p\u00e1nico. Desafortunadamente, la ansiedad tambi\u00e9n es un problema com\u00fan en el lugar de trabajo, lo que puede tener un impacto negativo en la salud, el bienestar y la productividad del equipo.<\/p>\n<p>La ansiedad en el trabajo puede ser causada por una serie de factores, como altas expectativas de desempe\u00f1o, largas horas de trabajo, falta de apoyo emocional, inseguridad laboral, relaciones conflictivas con compa\u00f1eros de trabajo o gerentes, y la necesidad de tomar decisiones dif\u00edciles. Tambi\u00e9n puede venir motivada por la preocupaci\u00f3n por la salud, la seguridad y la incertidumbre en el puesto de trabajo o econ\u00f3mica.<\/p>\n<h3 align=\"center\">La ansiedad puede tener consecuencias negativas tanto para los empleados como para las empresas:<\/h3>\n<h4>En t\u00e9rminos de salud f\u00edsica:<\/h4>\n<ul>\n<li>fatiga,<\/li>\n<li>dolores de cabeza,<\/li>\n<li>trastornos del sue\u00f1o,<\/li>\n<li>dolores musculares,<\/li>\n<li>problemas gastrointestinales, etc.<\/li>\n<\/ul>\n<h4>En la salud mental:<\/h4>\n<ul>\n<li>depresi\u00f3n,<\/li>\n<li>irritabilidad,<\/li>\n<li>baja autoestima<\/li>\n<li>aislamiento social.<\/li>\n<\/ul>\n<h4>A nivel laboral,<\/h4>\n<ul>\n<li>errores,<\/li>\n<li>falta de motivaci\u00f3n,<\/li>\n<li>absentismo,<\/li>\n<li>mayor riesgo de accidentes laborales.<\/li>\n<li>relaciones con los compa\u00f1eros de trabajo,<\/li>\n<li>satisfacci\u00f3n laboral<\/li>\n<li>productividad general.<\/li>\n<\/ul>\n<h2 align=\"center\">Las empresas pueden tomar medidas para ayudar a reducir la ansiedad en el lugar de trabajo.<\/h2>\n<p>Desde <a href=\"https:\/\/creantum.com\/blog\/\">Creantum<\/a> queremos mostrarte ideas para mejorar el bienestar laboral<\/p>\n<h4>Proporcionar recursos de salud mental<\/h4>\n<ul>\n<li>Programas de bienestar emocional, terapia o asesoramiento.<\/li>\n<li>Implementaci\u00f3n de programas de gesti\u00f3n del estr\u00e9s,<\/li>\n<li>Ejercicios de respiraci\u00f3n, yoga o meditaci\u00f3n.<\/li>\n<li>Talleres sobre t\u00e9cnicas de gesti\u00f3n del tiempo, comunicaci\u00f3n efectiva y resoluci\u00f3n de conflictos.<\/li>\n<\/ul>\n<h4>\u00a0Implementaci\u00f3n de pol\u00edticas que promueven un ambiente de trabajo saludable y seguro.<\/h4>\n<ul>\n<li>Reducci\u00f3n de horas extras<\/li>\n<li>Implementaci\u00f3n de horarios flexibles,<\/li>\n<li>Creaci\u00f3n de una pol\u00edtica de no interrupci\u00f3n despu\u00e9s de las horas de trabajo para garantizar que los empleados puedan desconectarse y descansar adecuadamente.<\/li>\n<\/ul>\n<h4>Actitudes de los responsables de equipos<\/h4>\n<ul>\n<li>Alentar la comunicaci\u00f3n abierta<\/li>\n<li>Brindar retroalimentaci\u00f3n regular a los empleados<\/li>\n<li>Establecer metas realistas y prioridades de trabajo<\/li>\n<li>Asegurarse de que los empleados tengan las herramientas y recursos necesarios para llevar a cabo sus tareas.<\/li>\n<\/ul>\n","protected":false},"excerpt":{"rendered":"<p>El 40% de los espa\u00f1oles y espa\u00f1olas tienen ansiedad laboral. La ansiedad es un trastorno emocional que se caracteriza por una sensaci\u00f3n de miedo, inquietud y preocupaci\u00f3n excesiva. Afecta a muchas personas en todo el mundo, y puede manifestarse de diferentes maneras, desde trastornos de ansiedad generalizada hasta ataques de p\u00e1nico. Desafortunadamente, la ansiedad tambi\u00e9n&#8230;<\/p>\n","protected":false},"author":1,"featured_media":20632,"comment_status":"open","ping_status":"open","sticky":false,"template":"","format":"standard","meta":{"footnotes":""},"categories":[47],"tags":[73,106,88],"class_list":["post-20625","post","type-post","status-publish","format-standard","has-post-thumbnail","hentry","category-bienestar-organizacional","tag-bienestar-laboral","tag-estres-laboral","tag-reducir-estres"],"yoast_head":"<!-- This site is optimized with the Yoast SEO plugin v25.6 - https:\/\/yoast.com\/wordpress\/plugins\/seo\/ -->\n<title>\u00bfC\u00f3mo reducir la ansiedad laboral? - Creantum<\/title>\n<meta name=\"description\" content=\"El 40% de los espa\u00f1oles y espa\u00f1olas tienen ansiedad laboral. Las empresas pueden tomar medidas para ayudar a reducirla.\" \/>\n<meta name=\"robots\" content=\"index, follow, max-snippet:-1, max-image-preview:large, max-video-preview:-1\" \/>\n<link rel=\"canonical\" href=\"https:\/\/creantum.com\/ansiedad-laboral\/\" \/>\n<meta property=\"og:locale\" content=\"ca_ES\" \/>\n<meta property=\"og:type\" content=\"article\" \/>\n<meta property=\"og:title\" content=\"\u00bfC\u00f3mo reducir la ansiedad laboral? - Creantum\" \/>\n<meta property=\"og:description\" content=\"El 40% de los espa\u00f1oles y espa\u00f1olas tienen ansiedad laboral. Las empresas pueden tomar medidas para ayudar a reducirla.\" \/>\n<meta property=\"og:url\" content=\"https:\/\/creantum.com\/ansiedad-laboral\/\" \/>\n<meta property=\"og:site_name\" content=\"Creantum\" \/>\n<meta property=\"article:published_time\" content=\"2023-07-16T22:56:32+00:00\" \/>\n<meta property=\"og:image\" content=\"https:\/\/creantum.com\/wp-content\/uploads\/2023\/04\/IMATGES-NEWSLETTERS-8.png\" \/>\n\t<meta property=\"og:image:width\" content=\"940\" \/>\n\t<meta property=\"og:image:height\" content=\"788\" \/>\n\t<meta property=\"og:image:type\" content=\"image\/png\" \/>\n<meta name=\"author\" content=\"admin\" \/>\n<meta name=\"twitter:card\" content=\"summary_large_image\" \/>\n<meta name=\"twitter:label1\" content=\"Escrit per\" \/>\n\t<meta name=\"twitter:data1\" content=\"admin\" \/>\n\t<meta name=\"twitter:label2\" content=\"Temps estimat de lectura\" \/>\n\t<meta name=\"twitter:data2\" content=\"2 minuts\" \/>\n<script type=\"application\/ld+json\" class=\"yoast-schema-graph\">{\"@context\":\"https:\/\/schema.org\",\"@graph\":[{\"@type\":\"WebPage\",\"@id\":\"https:\/\/creantum.com\/ansiedad-laboral\/\",\"url\":\"https:\/\/creantum.com\/ansiedad-laboral\/\",\"name\":\"\u00bfC\u00f3mo reducir la ansiedad laboral? - Creantum\",\"isPartOf\":{\"@id\":\"https:\/\/creantum.com\/#website\"},\"primaryImageOfPage\":{\"@id\":\"https:\/\/creantum.com\/ansiedad-laboral\/#primaryimage\"},\"image\":{\"@id\":\"https:\/\/creantum.com\/ansiedad-laboral\/#primaryimage\"},\"thumbnailUrl\":\"https:\/\/creantum.com\/wp-content\/uploads\/2023\/04\/IMATGES-NEWSLETTERS-8.png\",\"datePublished\":\"2023-07-16T22:56:32+00:00\",\"author\":{\"@id\":\"https:\/\/creantum.com\/#\/schema\/person\/411a761df507188a24f3a7613791eb93\"},\"description\":\"El 40% de los espa\u00f1oles y espa\u00f1olas tienen ansiedad laboral. Las empresas pueden tomar medidas para ayudar a reducirla.\",\"breadcrumb\":{\"@id\":\"https:\/\/creantum.com\/ansiedad-laboral\/#breadcrumb\"},\"inLanguage\":\"ca\",\"potentialAction\":[{\"@type\":\"ReadAction\",\"target\":[\"https:\/\/creantum.com\/ansiedad-laboral\/\"]}]},{\"@type\":\"ImageObject\",\"inLanguage\":\"ca\",\"@id\":\"https:\/\/creantum.com\/ansiedad-laboral\/#primaryimage\",\"url\":\"https:\/\/creantum.com\/wp-content\/uploads\/2023\/04\/IMATGES-NEWSLETTERS-8.png\",\"contentUrl\":\"https:\/\/creantum.com\/wp-content\/uploads\/2023\/04\/IMATGES-NEWSLETTERS-8.png\",\"width\":940,\"height\":788},{\"@type\":\"BreadcrumbList\",\"@id\":\"https:\/\/creantum.com\/ansiedad-laboral\/#breadcrumb\",\"itemListElement\":[{\"@type\":\"ListItem\",\"position\":1,\"name\":\"Portada\",\"item\":\"https:\/\/creantum.com\/ca\/\"},{\"@type\":\"ListItem\",\"position\":2,\"name\":\"\u00bfC\u00f3mo reducir la ansiedad laboral?\"}]},{\"@type\":\"WebSite\",\"@id\":\"https:\/\/creantum.com\/#website\",\"url\":\"https:\/\/creantum.com\/\",\"name\":\"Creantum\",\"description\":\"Consultor\u00eda estrat\u00e9gica y de RRHH en Barcelona y Girona\",\"potentialAction\":[{\"@type\":\"SearchAction\",\"target\":{\"@type\":\"EntryPoint\",\"urlTemplate\":\"https:\/\/creantum.com\/?s={search_term_string}\"},\"query-input\":{\"@type\":\"PropertyValueSpecification\",\"valueRequired\":true,\"valueName\":\"search_term_string\"}}],\"inLanguage\":\"ca\"},{\"@type\":\"Person\",\"@id\":\"https:\/\/creantum.com\/#\/schema\/person\/411a761df507188a24f3a7613791eb93\",\"name\":\"admin\",\"image\":{\"@type\":\"ImageObject\",\"inLanguage\":\"ca\",\"@id\":\"https:\/\/creantum.com\/#\/schema\/person\/image\/\",\"url\":\"https:\/\/secure.gravatar.com\/avatar\/84e4e6d06c6036023bfe9e62c1ba33d3?s=96&d=mm&r=g\",\"contentUrl\":\"https:\/\/secure.gravatar.com\/avatar\/84e4e6d06c6036023bfe9e62c1ba33d3?s=96&d=mm&r=g\",\"caption\":\"admin\"}}]}<\/script>\n<!-- \/ Yoast SEO plugin. -->","yoast_head_json":{"title":"\u00bfC\u00f3mo reducir la ansiedad laboral? - Creantum","description":"El 40% de los espa\u00f1oles y espa\u00f1olas tienen ansiedad laboral. Las empresas pueden tomar medidas para ayudar a reducirla.","robots":{"index":"index","follow":"follow","max-snippet":"max-snippet:-1","max-image-preview":"max-image-preview:large","max-video-preview":"max-video-preview:-1"},"canonical":"https:\/\/creantum.com\/ansiedad-laboral\/","og_locale":"ca_ES","og_type":"article","og_title":"\u00bfC\u00f3mo reducir la ansiedad laboral? - Creantum","og_description":"El 40% de los espa\u00f1oles y espa\u00f1olas tienen ansiedad laboral. Las empresas pueden tomar medidas para ayudar a reducirla.","og_url":"https:\/\/creantum.com\/ansiedad-laboral\/","og_site_name":"Creantum","article_published_time":"2023-07-16T22:56:32+00:00","og_image":[{"width":940,"height":788,"url":"https:\/\/creantum.com\/wp-content\/uploads\/2023\/04\/IMATGES-NEWSLETTERS-8.png","type":"image\/png"}],"author":"admin","twitter_card":"summary_large_image","twitter_misc":{"Escrit per":"admin","Temps estimat de lectura":"2 minuts"},"schema":{"@context":"https:\/\/schema.org","@graph":[{"@type":"WebPage","@id":"https:\/\/creantum.com\/ansiedad-laboral\/","url":"https:\/\/creantum.com\/ansiedad-laboral\/","name":"\u00bfC\u00f3mo reducir la ansiedad laboral? - Creantum","isPartOf":{"@id":"https:\/\/creantum.com\/#website"},"primaryImageOfPage":{"@id":"https:\/\/creantum.com\/ansiedad-laboral\/#primaryimage"},"image":{"@id":"https:\/\/creantum.com\/ansiedad-laboral\/#primaryimage"},"thumbnailUrl":"https:\/\/creantum.com\/wp-content\/uploads\/2023\/04\/IMATGES-NEWSLETTERS-8.png","datePublished":"2023-07-16T22:56:32+00:00","author":{"@id":"https:\/\/creantum.com\/#\/schema\/person\/411a761df507188a24f3a7613791eb93"},"description":"El 40% de los espa\u00f1oles y espa\u00f1olas tienen ansiedad laboral. Las empresas pueden tomar medidas para ayudar a reducirla.","breadcrumb":{"@id":"https:\/\/creantum.com\/ansiedad-laboral\/#breadcrumb"},"inLanguage":"ca","potentialAction":[{"@type":"ReadAction","target":["https:\/\/creantum.com\/ansiedad-laboral\/"]}]},{"@type":"ImageObject","inLanguage":"ca","@id":"https:\/\/creantum.com\/ansiedad-laboral\/#primaryimage","url":"https:\/\/creantum.com\/wp-content\/uploads\/2023\/04\/IMATGES-NEWSLETTERS-8.png","contentUrl":"https:\/\/creantum.com\/wp-content\/uploads\/2023\/04\/IMATGES-NEWSLETTERS-8.png","width":940,"height":788},{"@type":"BreadcrumbList","@id":"https:\/\/creantum.com\/ansiedad-laboral\/#breadcrumb","itemListElement":[{"@type":"ListItem","position":1,"name":"Portada","item":"https:\/\/creantum.com\/ca\/"},{"@type":"ListItem","position":2,"name":"\u00bfC\u00f3mo reducir la ansiedad laboral?"}]},{"@type":"WebSite","@id":"https:\/\/creantum.com\/#website","url":"https:\/\/creantum.com\/","name":"Creantum","description":"Consultor\u00eda estrat\u00e9gica y de RRHH en Barcelona y Girona","potentialAction":[{"@type":"SearchAction","target":{"@type":"EntryPoint","urlTemplate":"https:\/\/creantum.com\/?s={search_term_string}"},"query-input":{"@type":"PropertyValueSpecification","valueRequired":true,"valueName":"search_term_string"}}],"inLanguage":"ca"},{"@type":"Person","@id":"https:\/\/creantum.com\/#\/schema\/person\/411a761df507188a24f3a7613791eb93","name":"admin","image":{"@type":"ImageObject","inLanguage":"ca","@id":"https:\/\/creantum.com\/#\/schema\/person\/image\/","url":"https:\/\/secure.gravatar.com\/avatar\/84e4e6d06c6036023bfe9e62c1ba33d3?s=96&d=mm&r=g","contentUrl":"https:\/\/secure.gravatar.com\/avatar\/84e4e6d06c6036023bfe9e62c1ba33d3?s=96&d=mm&r=g","caption":"admin"}}]}},"_links":{"self":[{"href":"https:\/\/creantum.com\/ca\/wp-json\/wp\/v2\/posts\/20625"}],"collection":[{"href":"https:\/\/creantum.com\/ca\/wp-json\/wp\/v2\/posts"}],"about":[{"href":"https:\/\/creantum.com\/ca\/wp-json\/wp\/v2\/types\/post"}],"author":[{"embeddable":true,"href":"https:\/\/creantum.com\/ca\/wp-json\/wp\/v2\/users\/1"}],"replies":[{"embeddable":true,"href":"https:\/\/creantum.com\/ca\/wp-json\/wp\/v2\/comments?post=20625"}],"version-history":[{"count":1,"href":"https:\/\/creantum.com\/ca\/wp-json\/wp\/v2\/posts\/20625\/revisions"}],"predecessor-version":[{"id":20634,"href":"https:\/\/creantum.com\/ca\/wp-json\/wp\/v2\/posts\/20625\/revisions\/20634"}],"wp:featuredmedia":[{"embeddable":true,"href":"https:\/\/creantum.com\/ca\/wp-json\/wp\/v2\/media\/20632"}],"wp:attachment":[{"href":"https:\/\/creantum.com\/ca\/wp-json\/wp\/v2\/media?parent=20625"}],"wp:term":[{"taxonomy":"category","embeddable":true,"href":"https:\/\/creantum.com\/ca\/wp-json\/wp\/v2\/categories?post=20625"},{"taxonomy":"post_tag","embeddable":true,"href":"https:\/\/creantum.com\/ca\/wp-json\/wp\/v2\/tags?post=20625"}],"curies":[{"name":"wp","href":"https:\/\/api.w.org\/{rel}","templated":true}]}}